{"id":2857,"date":"2026-01-29T15:52:32","date_gmt":"2026-01-29T14:52:32","guid":{"rendered":"https:\/\/ummen.com\/?p=2857"},"modified":"2026-02-10T10:49:56","modified_gmt":"2026-02-10T09:49:56","slug":"die-wichtigsten-immobilien-events-des-jahres","status":"publish","type":"post","link":"https:\/\/ummen.com\/en\/die-wichtigsten-immobilien-events-des-jahres\/","title":{"rendered":"Die wichtigsten Immobilien-Events des Jahres"},"content":{"rendered":"<div class=\"fusion-fullwidth fullwidth-box fusion-builder-row-1 fusion-flex-container nonhundred-percent-fullwidth non-hundred-percent-height-scrolling\" style=\"--awb-border-radius-top-left:0px;--awb-border-radius-top-right:0px;--awb-border-radius-bottom-right:0px;--awb-border-radius-bottom-left:0px;\" ><div class=\"fusion-builder-row fusion-row fusion-flex-align-items-flex-start\" style=\"max-width:1456px;margin-left: calc(-4% \/ 2 );margin-right: calc(-4% \/ 2 );\"><div class=\"fusion-layout-column fusion_builder_column fusion-builder-column-0 fusion_builder_column_1_1 1_1 fusion-flex-column\" style=\"--awb-bg-size:cover;--awb-width-large:100%;--awb-margin-top-large:0px;--awb-spacing-right-large:1.92%;--awb-margin-bottom-large:0px;--awb-spacing-left-large:1.92%;--awb-width-medium:100%;--awb-spacing-right-medium:1.92%;--awb-spacing-left-medium:1.92%;--awb-width-small:100%;--awb-spacing-right-small:1.92%;--awb-spacing-left-small:1.92%;\"><div class=\"fusion-column-wrapper fusion-flex-justify-content-flex-start fusion-content-layout-column\"><div class=\"fusion-text fusion-text-1\"><p class=\"article-editor-paragraph article-editor-content__has-focus\"><strong>Welche Events, Kongresse und Messen stehen in den kommenden zw\u00f6lf Monaten an?<\/strong> Gerade in der Immobilienwirtschaft, in der sich M\u00e4rkte, Regulatorik und Technologien aktuell rasant ver\u00e4ndern, sind Branchentreffen oft mehr als ein Kalendereintrag: Sie sind ein strategischer Touchpoint f\u00fcr Austausch, Sichtbarkeit und neue Gesch\u00e4ftschancen.<\/p>\n<p class=\"article-editor-paragraph\">Welche nicht zu untersch\u00e4tzende Rolle Messen in der deutschen Wirtschaftslandschaft spielen, zeigt ein Blick auf die Zahlen: Laut einer Umfrage des Verbands der deutschen Messelandschaft (AUMA) sehen <strong>rund 83 Prozent<\/strong> der Befragten den eigenen Messeauftritt als <strong>zweitwichtigstes Mittel der Unternehmenspr\u00e4sentation<\/strong> \u2013 direkt hinter der Unternehmens-Homepage (<strong>90 Prozent<\/strong>) und deutlich vor Social Media (<strong>38 Prozent<\/strong>) oder anderen Events (<strong>35 Prozent<\/strong>). Wenn Sie tiefer einsteigen m\u00f6chten, warum sich ein Messebesuch lohnt und worauf Sie im Vorfeld achten sollten, damit er wirklich erfolgreich wird, finden Sie in unserem Beitrag <a class=\"article-editor-link article-editor-link\" href=\"https:\/\/ummen.com\/en\/auf-der-messe-expo-real\/?utm_source=chatgpt.com\" rel=\"noopener noreferrer\"><strong>\u201eAuf der Messe EXPO REAL\u201c<\/strong><\/a> praktische Hinweise \u2013 von der Vorbereitung \u00fcber die Sichtbarkeit bis zum Networking vor Ort.<\/p>\n<p class=\"article-editor-paragraph\">Und weil die Events f\u00fcr die Immobilienwirtschaft <strong>genauso vielf\u00e4ltig sind wie die Branche selbst<\/strong> \u2013 von Investment und Finanzierung \u00fcber Projektentwicklung bis hin zu Digitalisierung, PropTech und Nachhaltigkeit \u2013 haben wir im Folgenden eine Auswahl an Terminen zusammengestellt, die sich je nach Schwerpunkt besonders lohnen k\u00f6nnen:<\/p>\n<figure class=\"article-editor-figure-image\" data-id=\"d5c93dfd-505c-429e-9e69-dc3e9d37f701\"><img data-dominant-color=\"a08974\" data-has-transparency=\"false\" style=\"--dominant-color: #a08974;\" decoding=\"async\" class=\"alignnone size-large wp-image-2859 not-transparent\" src=\"https:\/\/ummen.com\/wp-content\/uploads\/2026\/01\/Immobilien-Events-2026-Ummen-Communications-1024x576.avif\" alt=\"\" width=\"1024\" height=\"576\" srcset=\"https:\/\/ummen.com\/wp-content\/uploads\/2026\/01\/Immobilien-Events-2026-Ummen-Communications-18x10.avif 18w, https:\/\/ummen.com\/wp-content\/uploads\/2026\/01\/Immobilien-Events-2026-Ummen-Communications-200x113.avif 200w, https:\/\/ummen.com\/wp-content\/uploads\/2026\/01\/Immobilien-Events-2026-Ummen-Communications-300x169.avif 300w, https:\/\/ummen.com\/wp-content\/uploads\/2026\/01\/Immobilien-Events-2026-Ummen-Communications-400x225.avif 400w, https:\/\/ummen.com\/wp-content\/uploads\/2026\/01\/Immobilien-Events-2026-Ummen-Communications-600x338.avif 600w, https:\/\/ummen.com\/wp-content\/uploads\/2026\/01\/Immobilien-Events-2026-Ummen-Communications-768x432.avif 768w, https:\/\/ummen.com\/wp-content\/uploads\/2026\/01\/Immobilien-Events-2026-Ummen-Communications-800x450.avif 800w, https:\/\/ummen.com\/wp-content\/uploads\/2026\/01\/Immobilien-Events-2026-Ummen-Communications-1024x576.avif 1024w, https:\/\/ummen.com\/wp-content\/uploads\/2026\/01\/Immobilien-Events-2026-Ummen-Communications-1200x675.avif 1200w, https:\/\/ummen.com\/wp-content\/uploads\/2026\/01\/Immobilien-Events-2026-Ummen-Communications-1536x864.avif 1536w, https:\/\/ummen.com\/wp-content\/uploads\/2026\/01\/Immobilien-Events-2026-Ummen-Communications.avif 1920w\" sizes=\"(max-width: 1024px) 100vw, 1024px\" \/><\/figure>\n<h4 class=\"article-editor-paragraph\"><strong>QUO VADIS 2026 (Berlin | 9.\u201311. Februar 2026) <\/strong><\/h4>\n<p class=\"article-editor-paragraph\"><a class=\"article-editor-link article-editor-link\" href=\"https:\/\/www.heuer-dialog.de\/veranstaltungen\/11656\/quo-vadis-2026\" rel=\"noopener noreferrer\"><strong>QUO VADIS 2026<\/strong><\/a> wird von Heuer Dialog veranstaltet. Als etablierter Jahresauftakt der Immobilienwirtschaft bringt das Event rund 400 Entscheider:innen und Expert:innen aus Wirtschaft, Wissenschaft und Politik zusammen. Thematisch geht es um die gro\u00dfen Verschiebungen und Umbr\u00fcche der Branche \u2013 von K\u00fcnstlicher Intelligenz \u00fcber neue Leitindustrien und modulare Nutzungskonzepte bis hin zur Energierevolution. Ziel ist es, Klarheit \u00fcber die Frage \u201eWo geht\u2019s hin?\u201c zu gewinnen und konkrete Handlungsfelder wie Investitionssicherung, Emissionsreduktion und Kostenoptimierung abzuleiten.<\/p>\n<h4 class=\"article-editor-paragraph\"><strong>Deutscher Immobilien Kongress (BfW) (Berlin | 5. M\u00e4rz 2026) <\/strong><\/h4>\n<p class=\"article-editor-paragraph\">Im Mittelpunkt des <a class=\"article-editor-link article-editor-link\" href=\"https:\/\/www.bfw-bund.de\/deutscher-immobilien-kongress-2026\/\" rel=\"noopener noreferrer\"><strong>Deutsche Immobilien Kongress (BfW) <\/strong><\/a>stehen aktuelle wirtschaftliche Herausforderungen der mittelst\u00e4ndischen Immobilienwirtschaft sowie Chancen im Neubau und Potenziale in der Bestandssanierung. F\u00fchrende Expert:innen diskutieren gemeinsam mit Vertreter:innen aus Politik, Banken und Energiewirtschaft, wie sich die Branche strategisch f\u00fcr die kommenden Jahre aufstellt. Das Format liefert damit sowohl fachliche Orientierung als auch konkrete Gespr\u00e4chsanl\u00e4sse f\u00fcr die Praxis.<\/p>\n<h4 class=\"article-editor-paragraph\"><strong>MIPIM 2026 (Cannes | 10.\u201313. M\u00e4rz 2026) <\/strong><\/h4>\n<p class=\"article-editor-paragraph\">Die <a class=\"article-editor-link article-editor-link\" href=\"https:\/\/www.mipim.com\/en-gb\/registration.html\" rel=\"noopener noreferrer\"><strong>MIPIM 2026<\/strong><\/a> findet vom <strong>10. bis 13. M\u00e4rz 2026 in Cannes<\/strong> statt und gilt als global bedeutendste Immobilienmesse. Nicht nur auf Grund der Chance im s\u00fcdfranz\u00f6sischen Cannes schon die ersten fr\u00fchlingshaften Sonnenstrahlen zu genie\u00dfen, ist die MIPIM ein kleines Highlight in den meisten Eventkalendern. Auf fachlich ist die MIPIM der Goldstandard der europ\u00e4ischen Immobilienmessen. Sie vereint die wichtigsten Unternehmen und Entscheider:innen aus nahezu allen Assetklassen \u2013 von B\u00fcro und Wohnen \u00fcber Einzelhandel bis Logistik, Industrie und Gesundheitswesen. Mit rund 22.000 m\u00b2 Ausstellungsfl\u00e4che und einem Konferenzprogramm mit \u00fcber 130 Events bietet die MIPIM eine extrem dichte Plattform f\u00fcr Markttrends, Investitionschancen und internationale Deals. F\u00fcr viele Marktteilnehmer ist sie der Ort, an dem Netzwerke gepflegt, neue Partnerschaften angebahnt und Strategien f\u00fcr die kommenden Monate gesetzt werden.<\/p>\n<h4 class=\"article-editor-paragraph\"><strong>polis Convention (D\u00fcsseldorf | 6.\u20137. Mai 2026) <\/strong><\/h4>\n<p class=\"article-editor-paragraph\">Die <a class=\"article-editor-link article-editor-link\" href=\"https:\/\/www.polis-convention.com\/\" rel=\"noopener noreferrer\"><strong>polis Convention<\/strong><\/a> gilt als Deutschlands f\u00fchrende Messe f\u00fcr Stadt\u2011 und Projektentwicklung und bringt seit 2015 einmal j\u00e4hrlich alle zentralen Akteur:innen zusammen, die St\u00e4dte planen, gestalten und weiterentwickeln. 2026 startet die Messe mit einem neuen Themenbaustein: \u201epolis tomorrow\u201c. Dieser fokussiert Energie, Netze und Raum und behandelt Energie\u2011 und Infrastrukturfragen als zentrale Treiber der Stadt\u2011 und Regionalentwicklung.<\/p>\n<h4 class=\"article-editor-paragraph\"><strong>Tag der Immobilienwirtschaft (Berlin | 19. Mai 2026) <\/strong><\/h4>\n<p class=\"article-editor-paragraph\">Der <a class=\"article-editor-link article-editor-link\" href=\"https:\/\/zia-deutschland.de\/ziaevents\/tag-der-immobilienwirtschaft-3\/\" rel=\"noopener noreferrer\"><strong>Tag der Immobilienwirtschaft<\/strong><\/a> findet dieses Jahr am <strong>19. Mai 2026 in Berlin<\/strong> statt und wird vom <strong>ZIA Zentraler Immobilien Ausschuss e.V.<\/strong> veranstaltet. Als Jahrestreffen des Verbandes kommen hier Entscheider:innen aus Branche und Politik zusammen, um die dringendsten Herausforderungen und neuesten Trends der Immobilienwirtschaft zu diskutieren. Das Event dient als strategische Standortbestimmung und greift zentrale Themen auf, die M\u00e4rkte, Regulierung und Investitionsentscheidungen pr\u00e4gen. Durch die Pr\u00e4senz politischer Akteur:innen steht zudem der Austausch \u00fcber Rahmenbedingungen und Perspektiven im Mittelpunkt.<\/p>\n<h4 class=\"article-editor-paragraph\"><strong>Real Estate Arena 2026 (Hannover | 10.\u201311. Juni 2026) <\/strong><\/h4>\n<p class=\"article-editor-paragraph\">Die <a class=\"article-editor-link article-editor-link\" href=\"https:\/\/www.real-estate-arena.com\/de\/\" rel=\"noopener noreferrer\"><strong>Real Estate Arena 2026<\/strong><\/a> \u00f6ffnet am<strong>10. und 11. Juni 2026 in Hannover<\/strong> ihre T\u00fcren. Die Messe hat sich in den vergangenen Jahren als eine Art \u201eMini\u2011Expo\u201c etabliert und bringt Immobilienwirtschaft, Digitalwirtschaft, Wirtschaftsf\u00f6rderung, Politik und Medien in einem Format zusammen. Mit zuletzt \u00fcber 400 Ausstellern und rund 7.500 Besucher:innen (2025) ist die Messe vor allem f\u00fcr mittelgro\u00dfe und kleinere Marktteilnehmer eine spannende Alternative zu sehr gro\u00dfen Leitmessen. In der inhaltlichen Ausrichtung spielen PropTechs und Startups eine gro\u00dfe Rolle \u2013 erg\u00e4nzt durch Workshops, Best Practices und Themen wie Projektentwicklung, Quartiersentwicklung, Future Real Estate oder Fachkr\u00e4fte. Das Event punktet besonders als Networking\u2011Plattform, auf der auch kleinere Player ihre Themen sichtbar platzieren k\u00f6nnen.<\/p>\n<h4 class=\"article-editor-paragraph\"><strong>Deutscher Immobilientag 2026 (Erfurt | 18.\u201319. Juni 2026)<\/strong><\/h4>\n<p class=\"article-editor-paragraph\">Der <a class=\"article-editor-link article-editor-link\" href=\"https:\/\/www.ivd-veranstaltungen.net\/\" rel=\"noopener noreferrer\"><strong>Deutsche Immobilientag 2026<\/strong><\/a> wird am <strong>18. und 19. Juni 2026<\/strong> in <strong>Erfurt<\/strong> ausgerichtet. Das Event kombiniert Fachprogramm und Networking in einer besonderen Location \u2013 \u201ewo Business, Wissen und Fu\u00dfballfieber aufeinandertreffen\u201c. Teilnehmende erwartet ein Mix aus Vortr\u00e4gen, praxisnahen Workshops und exklusiven Networking\u2011Momenten, die aktuelle Trends und Strategien der Immobilienbranche adressieren. Das Format richtet sich an unterschiedliche Berufsgruppen wie Makler:innen, Verwalter:innen und Sachverst\u00e4ndige. Ziel ist es, Impulse zu liefern, die direkt in den Arbeitsalltag wirken \u2013 und gleichzeitig Kontakte aufzubauen, die langfristig tragen.<\/p>\n<h4 class=\"article-editor-paragraph\"><strong>EXPO REAL 2026 (M\u00fcnchen | 5.\u20137. Oktober 2026) <\/strong><\/h4>\n<p class=\"article-editor-paragraph\">Die <a class=\"article-editor-link article-editor-link\" href=\"https:\/\/messe-muenchen.de\/de\/veranstaltungen\/expo-real-2026.html\" rel=\"noopener noreferrer\"><strong>EXPO REAL 2026 <\/strong><\/a>bildet den allj\u00e4hrlichen H\u00f6hepunkt der Messezeit und findet wie jedes Jahr im <strong>Oktober in M\u00fcnchen<\/strong> statt. Als internationale Fachmesse f\u00fcr Immobilien, Investitionen und Infrastruktur gilt sie als eines der wichtigsten Branchenevents Europas \u2013 oft beschrieben als \u201eKlassentreffen der Immobilienwirtschaft\u201c. Sie bildet die komplette Wertsch\u00f6pfungskette ab, von Entwicklung und Finanzierung bis zur Realisierung, und erm\u00f6glicht es, die zentralen Entscheider:innen der Immobilienwirtschaft vor Ort zu treffen. Durch ihre Gr\u00f6\u00dfe und thematische Breite liefert die EXPO REAL Orientierung in einer Zeit des Umbruchs und macht Trends, Innovationen und L\u00f6sungen sichtbar.<\/p>\n<figure class=\"article-editor-figure-image\" data-id=\"f646286d-e541-42f2-9d5c-f9ac11de8327\"><img data-dominant-color=\"988973\" data-has-transparency=\"false\" style=\"--dominant-color: #988973;\" decoding=\"async\" class=\"alignnone size-large wp-image-2860 not-transparent\" src=\"https:\/\/ummen.com\/wp-content\/uploads\/2026\/01\/Immobilien-ESG-Ummen-Communications-1024x576.avif\" alt=\"\" width=\"1024\" height=\"576\" srcset=\"https:\/\/ummen.com\/wp-content\/uploads\/2026\/01\/Immobilien-ESG-Ummen-Communications-18x10.avif 18w, https:\/\/ummen.com\/wp-content\/uploads\/2026\/01\/Immobilien-ESG-Ummen-Communications-200x113.avif 200w, https:\/\/ummen.com\/wp-content\/uploads\/2026\/01\/Immobilien-ESG-Ummen-Communications-300x169.avif 300w, https:\/\/ummen.com\/wp-content\/uploads\/2026\/01\/Immobilien-ESG-Ummen-Communications-400x225.avif 400w, https:\/\/ummen.com\/wp-content\/uploads\/2026\/01\/Immobilien-ESG-Ummen-Communications-600x338.avif 600w, https:\/\/ummen.com\/wp-content\/uploads\/2026\/01\/Immobilien-ESG-Ummen-Communications-768x432.avif 768w, https:\/\/ummen.com\/wp-content\/uploads\/2026\/01\/Immobilien-ESG-Ummen-Communications-800x450.avif 800w, https:\/\/ummen.com\/wp-content\/uploads\/2026\/01\/Immobilien-ESG-Ummen-Communications-1024x576.avif 1024w, https:\/\/ummen.com\/wp-content\/uploads\/2026\/01\/Immobilien-ESG-Ummen-Communications-1200x675.avif 1200w, https:\/\/ummen.com\/wp-content\/uploads\/2026\/01\/Immobilien-ESG-Ummen-Communications-1536x864.avif 1536w, https:\/\/ummen.com\/wp-content\/uploads\/2026\/01\/Immobilien-ESG-Ummen-Communications.avif 1920w\" sizes=\"(max-width: 1024px) 100vw, 1024px\" \/><\/figure>\n<h4 class=\"article-editor-paragraph\"><strong>DGNB Jahreskongress (Online | 3.\u20135. M\u00e4rz 2026)<\/strong><\/h4>\n<p class=\"article-editor-paragraph\">Der <a class=\"article-editor-link article-editor-link\" href=\"https:\/\/www.dgnb.de\/de\/events-und-termine\/dgnb-netzwerkveranstaltungen\/dgnb-jahreskongress\" rel=\"noopener noreferrer\"><strong>DGNB Jahreskongress <\/strong><\/a>wird vom <strong>3. bis 5. M\u00e4rz 2026<\/strong> als <strong>Online-Event<\/strong> durchgef\u00fchrt. Inhaltlich dreht sich alles um nachhaltiges Bauen und der Termin liefert eine regelm\u00e4\u00dfige Standortbestimmung, wo der Bau\u2011 und Immobiliensektor aktuell steht. Der Kongress setzt darauf, die Komplexit\u00e4t von Nachhaltigkeit im Bauen verst\u00e4ndlich aufzubrechen und konkrete Wege in eine zukunftsf\u00e4hige Branche zu diskutieren. 2026 findet das Format bereits zum f\u00fcnften Mal statt und bringt erstmals einen zus\u00e4tzlichen internationalen Tag mit: Dabei stehen internationale Perspektiven auf Nachhaltigkeit, Zertifizierung und regulatorische Anforderungen im Fokus.<\/p>\n<h4 class=\"article-editor-paragraph\"><strong>5. Nachhaltigkeitskonferenz \u201eLet\u2019s talk\u201c (K\u00f6ln | 16. April 2026)<\/strong><\/h4>\n<p class=\"article-editor-paragraph\">Die <a class=\"article-editor-link article-editor-link\" href=\"https:\/\/www.xn--klnletstalk-rfb.de\/\" rel=\"noopener noreferrer\"><strong>5. Nachhaltigkeitskonferenz \u201eLet\u2019s talk\u201c<\/strong><\/a> ist auf den <strong>16. April 2026<\/strong> in <strong>K\u00f6ln<\/strong> datiert. Thematisch richtet sie den Blick auf die tiefgreifenden Ver\u00e4nderungen in der Bau\u2011 und Immobilienwirtschaft. Unter dem Motto \u201eZukunft gestalten\u201c setzt die Konferenz bewusst auf Dialog statt Frontalprogramm: kurze Impulse, kontroverse Diskussionen und Breakout\u2011Sessions schaffen Raum f\u00fcr Austausch auf Augenh\u00f6he. Dabei treffen sich Vertreter:innen aus Wirtschaft, Wissenschaft und Praxis, um aktuelle Entwicklungen einzuordnen, neue Perspektiven zu diskutieren und in offener Atmosph\u00e4re zu netzwerken.<\/p>\n<figure class=\"article-editor-figure-image\" data-id=\"40bee500-56ce-4a2a-b5a7-071d0b5c63c8\"><img data-dominant-color=\"978a73\" data-has-transparency=\"false\" style=\"--dominant-color: #978a73;\" decoding=\"async\" class=\"alignnone size-large wp-image-2861 not-transparent\" src=\"https:\/\/ummen.com\/wp-content\/uploads\/2026\/01\/Finanzen-Ummen-Communications-1024x576.avif\" alt=\"\" width=\"1024\" height=\"576\" srcset=\"https:\/\/ummen.com\/wp-content\/uploads\/2026\/01\/Finanzen-Ummen-Communications-18x10.avif 18w, https:\/\/ummen.com\/wp-content\/uploads\/2026\/01\/Finanzen-Ummen-Communications-200x113.avif 200w, https:\/\/ummen.com\/wp-content\/uploads\/2026\/01\/Finanzen-Ummen-Communications-300x169.avif 300w, https:\/\/ummen.com\/wp-content\/uploads\/2026\/01\/Finanzen-Ummen-Communications-400x225.avif 400w, https:\/\/ummen.com\/wp-content\/uploads\/2026\/01\/Finanzen-Ummen-Communications-600x338.avif 600w, https:\/\/ummen.com\/wp-content\/uploads\/2026\/01\/Finanzen-Ummen-Communications-768x432.avif 768w, https:\/\/ummen.com\/wp-content\/uploads\/2026\/01\/Finanzen-Ummen-Communications-800x450.avif 800w, https:\/\/ummen.com\/wp-content\/uploads\/2026\/01\/Finanzen-Ummen-Communications-1024x576.avif 1024w, https:\/\/ummen.com\/wp-content\/uploads\/2026\/01\/Finanzen-Ummen-Communications-1200x675.avif 1200w, https:\/\/ummen.com\/wp-content\/uploads\/2026\/01\/Finanzen-Ummen-Communications-1536x864.avif 1536w, https:\/\/ummen.com\/wp-content\/uploads\/2026\/01\/Finanzen-Ummen-Communications.avif 1920w\" sizes=\"(max-width: 1024px) 100vw, 1024px\" \/><\/figure>\n<h4 class=\"article-editor-paragraph\"><strong>Institutional Money Kongress 2026 (Frankfurt | 24.\u201325. M\u00e4rz 2026) <\/strong><\/h4>\n<p class=\"article-editor-paragraph\">Der <a class=\"article-editor-link article-editor-link\" href=\"https:\/\/www.institutional-money.com\/consent\/?url=\/kongress\/kongress-2026\" rel=\"noopener noreferrer\"><strong>Institutional Money Kongress 2026<\/strong><\/a> ist vom <strong>24. bis 25. M\u00e4rz 2026<\/strong> in <strong>Frankfurt<\/strong> angesetzt. Als ma\u00dfgeschneiderte Informationsplattform richtet sich das Event ausschlie\u00dflich an institutionelle Investoren (private Besucher:innen sind nicht zugelassen). Inhaltlich stehen die brennendsten Themen der Finanz- und Investmentwelt im Mittelpunkt: aktuelle Herausforderungen, Marktpotenziale und strategische Fragestellungen f\u00fcr institutionelle Anleger in der DACH-Region. Der Kongress kombiniert harte Fakten, brandaktuelle Informationen, kontroverse Diskussionen und gezieltes Networking und gilt damit als eines der exklusivsten und zugleich gr\u00f6\u00dften Branchentreffen f\u00fcr institutionelle Investoren im deutschsprachigen Raum.<\/p>\n<h4 class=\"article-editor-paragraph\"><strong>DebtConference (Frankfurt am Main | 17.\u201318. September 2026)<\/strong><\/h4>\n<p class=\"article-editor-paragraph\">Am <a class=\"article-editor-link article-editor-link\" href=\"https:\/\/www.bai-pds.com\/\" rel=\"noopener noreferrer\"><strong>17. und 18. September 2026<\/strong><\/a> steht in <strong>Frankfurt am Main<\/strong> die <strong>DebtConference<\/strong> an. Sie gilt als eine der f\u00fchrenden europ\u00e4ischen Konferenzen rund um Real Estate Debt Investments und deckt damit alle relevanten Themen der Immobilienfinanzierung und kreditbasierten Investmentstrategien ab. Auf dem Programm stehen Expertenvortr\u00e4ge und Paneldiskussionen, in denen Investor:innen und Fachleute ihre Erfahrungen, Einsch\u00e4tzungen und Best Practices teilen.<\/p>\n<h4 class=\"article-editor-paragraph\"><strong>FondsForum-Konferenz (K\u00f6nigstein | November)<\/strong><\/h4>\n<p class=\"article-editor-paragraph\">Die <a class=\"article-editor-link article-editor-link\" href=\"https:\/\/fondsforum.de\/fondsforum-konferenz\/\" rel=\"noopener noreferrer\"><strong>FondsForum\u2011Konferenz<\/strong><\/a> ist seit 2012 ein etablierter j\u00e4hrlicher Treffpunkt f\u00fcr Vertreter:innen institutioneller Anleger und Immobilienunternehmen und fokussiert sich auf aktuelle Investmenttrends sowie zuk\u00fcnftige Entwicklungen der Branche. \u00dcber zwei Tage hinweg pr\u00e4sentieren meist \u00fcber 30 Expert:innen die wichtigsten Themen zur Investmentplanung f\u00fcr institutionelle Investoren. Besonders ist zudem der kuratierte Anspruch: Ein Fachbeirat mit Investor:innenvertretung bereitet die Inhalte im Fr\u00fchjahr vor, und seit 2023 startet die Konferenz mit einem exklusiven Vorabend\u2011Dinner f\u00fcr Investoren und Sponsoren, was das Networking zus\u00e4tzlich st\u00e4rkt.<\/p>\n<figure class=\"article-editor-figure-image\" data-id=\"87d0e3d2-1440-4800-bfed-222c39fabd78\"><img data-dominant-color=\"8d8b72\" data-has-transparency=\"false\" style=\"--dominant-color: #8d8b72;\" decoding=\"async\" class=\"size-large wp-image-2862 not-transparent\" src=\"https:\/\/ummen.com\/wp-content\/uploads\/2026\/01\/PropTechEvents-2026-Ummen-Communications-1024x576.avif\" alt=\"\" width=\"1024\" height=\"576\" srcset=\"https:\/\/ummen.com\/wp-content\/uploads\/2026\/01\/PropTechEvents-2026-Ummen-Communications-18x10.avif 18w, https:\/\/ummen.com\/wp-content\/uploads\/2026\/01\/PropTechEvents-2026-Ummen-Communications-200x113.avif 200w, https:\/\/ummen.com\/wp-content\/uploads\/2026\/01\/PropTechEvents-2026-Ummen-Communications-300x169.avif 300w, https:\/\/ummen.com\/wp-content\/uploads\/2026\/01\/PropTechEvents-2026-Ummen-Communications-400x225.avif 400w, https:\/\/ummen.com\/wp-content\/uploads\/2026\/01\/PropTechEvents-2026-Ummen-Communications-600x338.avif 600w, https:\/\/ummen.com\/wp-content\/uploads\/2026\/01\/PropTechEvents-2026-Ummen-Communications-768x432.avif 768w, https:\/\/ummen.com\/wp-content\/uploads\/2026\/01\/PropTechEvents-2026-Ummen-Communications-800x450.avif 800w, https:\/\/ummen.com\/wp-content\/uploads\/2026\/01\/PropTechEvents-2026-Ummen-Communications-1024x576.avif 1024w, https:\/\/ummen.com\/wp-content\/uploads\/2026\/01\/PropTechEvents-2026-Ummen-Communications-1200x675.avif 1200w, https:\/\/ummen.com\/wp-content\/uploads\/2026\/01\/PropTechEvents-2026-Ummen-Communications-1536x864.avif 1536w, https:\/\/ummen.com\/wp-content\/uploads\/2026\/01\/PropTechEvents-2026-Ummen-Communications.avif 1920w\" sizes=\"(max-width: 1024px) 100vw, 1024px\" \/><\/figure>\n<h4 class=\"article-editor-paragraph\"><strong>PropTech Summit Hamburg (Hamburg | 22. &amp; 23. April 2026)<\/strong><\/h4>\n<p class=\"article-editor-paragraph\">Der <a class=\"article-editor-link article-editor-link\" href=\"https:\/\/proptechsummit.eu\/\" rel=\"noopener noreferrer\"><strong>PropTech Summit Hamburg <\/strong><\/a>findet am <strong>22. und 23. April 2026<\/strong> statt. Im Fokus stehen die gro\u00dfen Herausforderungen des Immobilienmarkts \u2013 von Dekarbonisierung \u00fcber steigende Bau- und Betriebskosten bis hin zum Fachkr\u00e4ftemangel \u2013 und die Frage, wie digitale L\u00f6sungen dabei helfen k\u00f6nnen. Teilnehmende erhalten praxisnahe Impulse von renommierten Sprecher:innen und k\u00f6nnen sich mit Expert:innen, Branchenkolleg:innen und C-Level-Entscheider:innen vernetzen, um Strategien und Innovationen f\u00fcr die Immobilienwelt von morgen zu diskutieren.<\/p>\n<h4 class=\"article-editor-paragraph\"><strong>REAL PropTech Pitches (Hannover | 10.\u201311. Juni 2026)<\/strong><\/h4>\n<p class=\"article-editor-paragraph\">Die <a class=\"article-editor-link article-editor-link\" href=\"https:\/\/realproptechpitches.de\/\" rel=\"noopener noreferrer\">REAL PropTech Pitches s<\/a>ind im Rahmen der<strong> REAL Estate Arena<\/strong> eingebunden. Das Format gilt als eine der wichtigsten B\u00fchnen f\u00fcr Innovationen im Bau- und Geb\u00e4udesektor: PropTechs pr\u00e4sentieren ihre L\u00f6sungen vor \u00fcber 7.500 Teilnehmenden aus relevanten Assetklassen und Lebenszyklusphasen. Im Mittelpunkt stehen digitale, nachhaltige und nutzerorientierte Ans\u00e4tze, die die Zukunft der Bau- und Immobilienwelt pr\u00e4gen sollen. Vor Ort w\u00e4hlt eine Expertenjury je Kategorie die besten Pitches aus \u2013 diese landen als Top 3 im Rennen um den PropTech Germany Award. Die Nominierten werden beim Finale der Real Estate Arena am 11. Juni bekannt gegeben, die gro\u00dfe Preisverleihung folgt am 11. September 2026 in Frankfurt (Frankfurt School Real Estate Day).<\/p>\n<\/div><\/div><\/div><\/div><\/div>","protected":false},"excerpt":{"rendered":"","protected":false},"author":8,"featured_media":2892,"comment_status":"closed","ping_status":"open","sticky":false,"template":"","format":"standard","meta":{"_acf_changed":false,"inline_featured_image":false,"footnotes":""},"categories":[11],"tags":[59],"class_list":["post-2857","post","type-post","status-publish","format-standard","has-post-thumbnail","hentry","category-messe","tag-immobilienmesse"],"acf":[],"yoast_head":"<!-- This site is optimized with the Yoast SEO plugin v26.9 - https:\/\/yoast.com\/product\/yoast-seo-wordpress\/ -->\n<title>Die wichtigsten Immobilien-Events des Jahres - Ummen Communications<\/title>\n<meta name=\"description\" content=\"Die wichtigsten Immobilien-Messen und -Events 2026 im \u00dcberblick: Termine, Kongresse und Branchentreffen f\u00fcr Austausch, Trends\" \/>\n<meta name=\"robots\" content=\"index, follow, max-snippet:-1, max-image-preview:large, max-video-preview:-1\" \/>\n<link rel=\"canonical\" href=\"https:\/\/ummen.com\/en\/die-wichtigsten-immobilien-events-des-jahres\/\" \/>\n<meta property=\"og:locale\" content=\"en_GB\" \/>\n<meta property=\"og:type\" content=\"article\" \/>\n<meta property=\"og:title\" content=\"Die wichtigsten Immobilien-Events des Jahres - Ummen Communications\" \/>\n<meta property=\"og:description\" content=\"Die wichtigsten Immobilien-Messen und -Events 2026 im \u00dcberblick: Termine, Kongresse und Branchentreffen f\u00fcr Austausch, Trends\" \/>\n<meta property=\"og:url\" content=\"https:\/\/ummen.com\/en\/die-wichtigsten-immobilien-events-des-jahres\/\" \/>\n<meta property=\"og:site_name\" content=\"Ummen Communications\" \/>\n<meta property=\"article:published_time\" content=\"2026-01-29T14:52:32+00:00\" \/>\n<meta property=\"article:modified_time\" content=\"2026-02-10T09:49:56+00:00\" \/>\n<meta property=\"og:image\" content=\"https:\/\/ummen.com\/wp-content\/uploads\/2026\/01\/Immobilien-Messe-2026-1.webp\" \/>\n\t<meta property=\"og:image:width\" content=\"1200\" \/>\n\t<meta property=\"og:image:height\" content=\"1200\" \/>\n\t<meta property=\"og:image:type\" content=\"image\/png\" \/>\n<meta name=\"author\" content=\"Maximilian M\u00fcller\" \/>\n<meta name=\"twitter:card\" content=\"summary_large_image\" \/>\n<meta name=\"twitter:label1\" content=\"Written by\" \/>\n\t<meta name=\"twitter:data1\" content=\"Maximilian M\u00fcller\" \/>\n\t<meta name=\"twitter:label2\" content=\"Estimated reading time\" \/>\n\t<meta name=\"twitter:data2\" content=\"10 minutes\" \/>\n<script type=\"application\/ld+json\" class=\"yoast-schema-graph\">{\"@context\":\"https:\/\/schema.org\",\"@graph\":[{\"@type\":[\"Article\",\"BlogPosting\"],\"@id\":\"https:\/\/ummen.com\/die-wichtigsten-immobilien-events-des-jahres\/#article\",\"isPartOf\":{\"@id\":\"https:\/\/ummen.com\/die-wichtigsten-immobilien-events-des-jahres\/\"},\"author\":{\"name\":\"Maximilian M\u00fcller\",\"@id\":\"https:\/\/ummen.com\/#\/schema\/person\/485ea52c98dfa1638294608005668232\"},\"headline\":\"Die wichtigsten Immobilien-Events des Jahres\",\"datePublished\":\"2026-01-29T14:52:32+00:00\",\"dateModified\":\"2026-02-10T09:49:56+00:00\",\"mainEntityOfPage\":{\"@id\":\"https:\/\/ummen.com\/die-wichtigsten-immobilien-events-des-jahres\/\"},\"wordCount\":1717,\"publisher\":{\"@id\":\"https:\/\/ummen.com\/#organization\"},\"image\":{\"@id\":\"https:\/\/ummen.com\/die-wichtigsten-immobilien-events-des-jahres\/#primaryimage\"},\"thumbnailUrl\":\"https:\/\/ummen.com\/wp-content\/uploads\/2026\/01\/Immobilien-Messe-2026-1.webp\",\"keywords\":[\"Immobilienmesse\"],\"articleSection\":[\"Messe\"],\"inLanguage\":\"en-GB\"},{\"@type\":\"WebPage\",\"@id\":\"https:\/\/ummen.com\/die-wichtigsten-immobilien-events-des-jahres\/\",\"url\":\"https:\/\/ummen.com\/die-wichtigsten-immobilien-events-des-jahres\/\",\"name\":\"Die wichtigsten Immobilien-Events des Jahres - Ummen Communications\",\"isPartOf\":{\"@id\":\"https:\/\/ummen.com\/#website\"},\"primaryImageOfPage\":{\"@id\":\"https:\/\/ummen.com\/die-wichtigsten-immobilien-events-des-jahres\/#primaryimage\"},\"image\":{\"@id\":\"https:\/\/ummen.com\/die-wichtigsten-immobilien-events-des-jahres\/#primaryimage\"},\"thumbnailUrl\":\"https:\/\/ummen.com\/wp-content\/uploads\/2026\/01\/Immobilien-Messe-2026-1.webp\",\"datePublished\":\"2026-01-29T14:52:32+00:00\",\"dateModified\":\"2026-02-10T09:49:56+00:00\",\"description\":\"Die wichtigsten Immobilien-Messen und -Events 2026 im \u00dcberblick: Termine, Kongresse und Branchentreffen f\u00fcr Austausch, Trends\",\"breadcrumb\":{\"@id\":\"https:\/\/ummen.com\/die-wichtigsten-immobilien-events-des-jahres\/#breadcrumb\"},\"inLanguage\":\"en-GB\",\"potentialAction\":[{\"@type\":\"ReadAction\",\"target\":[\"https:\/\/ummen.com\/die-wichtigsten-immobilien-events-des-jahres\/\"]}]},{\"@type\":\"ImageObject\",\"inLanguage\":\"en-GB\",\"@id\":\"https:\/\/ummen.com\/die-wichtigsten-immobilien-events-des-jahres\/#primaryimage\",\"url\":\"https:\/\/ummen.com\/wp-content\/uploads\/2026\/01\/Immobilien-Messe-2026-1.webp\",\"contentUrl\":\"https:\/\/ummen.com\/wp-content\/uploads\/2026\/01\/Immobilien-Messe-2026-1.webp\",\"width\":1200,\"height\":1200},{\"@type\":\"BreadcrumbList\",\"@id\":\"https:\/\/ummen.com\/die-wichtigsten-immobilien-events-des-jahres\/#breadcrumb\",\"itemListElement\":[{\"@type\":\"ListItem\",\"position\":1,\"name\":\"Startseite\",\"item\":\"https:\/\/ummen.com\/\"},{\"@type\":\"ListItem\",\"position\":2,\"name\":\"Die wichtigsten Immobilien-Events des Jahres\"}]},{\"@type\":\"WebSite\",\"@id\":\"https:\/\/ummen.com\/#website\",\"url\":\"https:\/\/ummen.com\/\",\"name\":\"Ummen Communications\",\"description\":\"PR Agentur aus Berlin f\u00fcr die Immobilien- und Finanzwirtschaft\",\"publisher\":{\"@id\":\"https:\/\/ummen.com\/#organization\"},\"alternateName\":\"PR Agentur Berlin\",\"potentialAction\":[{\"@type\":\"SearchAction\",\"target\":{\"@type\":\"EntryPoint\",\"urlTemplate\":\"https:\/\/ummen.com\/?s={search_term_string}\"},\"query-input\":{\"@type\":\"PropertyValueSpecification\",\"valueRequired\":true,\"valueName\":\"search_term_string\"}}],\"inLanguage\":\"en-GB\"},{\"@type\":\"Organization\",\"@id\":\"https:\/\/ummen.com\/#organization\",\"name\":\"Ummen Communications\",\"alternateName\":\"Ummen\",\"url\":\"https:\/\/ummen.com\/\",\"logo\":{\"@type\":\"ImageObject\",\"inLanguage\":\"en-GB\",\"@id\":\"https:\/\/ummen.com\/#\/schema\/logo\/image\/\",\"url\":\"https:\/\/ummen.com\/wp-content\/uploads\/2023\/11\/favicon.png\",\"contentUrl\":\"https:\/\/ummen.com\/wp-content\/uploads\/2023\/11\/favicon.png\",\"width\":512,\"height\":512,\"caption\":\"Ummen Communications\"},\"image\":{\"@id\":\"https:\/\/ummen.com\/#\/schema\/logo\/image\/\"},\"sameAs\":[\"https:\/\/www.linkedin.com\/company\/ummen-communications-gmbh\/\",\"https:\/\/www.instagram.com\/ummen.comm\"]},{\"@type\":\"Person\",\"@id\":\"https:\/\/ummen.com\/#\/schema\/person\/485ea52c98dfa1638294608005668232\",\"name\":\"Maximilian M\u00fcller\",\"image\":{\"@type\":\"ImageObject\",\"inLanguage\":\"en-GB\",\"@id\":\"https:\/\/ummen.com\/#\/schema\/person\/image\/\",\"url\":\"https:\/\/secure.gravatar.com\/avatar\/d83fc966c4ecab903850ce73913977ece397355e770e94be427eff3562ad24b0?s=96&d=mm&r=g\",\"contentUrl\":\"https:\/\/secure.gravatar.com\/avatar\/d83fc966c4ecab903850ce73913977ece397355e770e94be427eff3562ad24b0?s=96&d=mm&r=g\",\"caption\":\"Maximilian M\u00fcller\"},\"url\":\"https:\/\/ummen.com\/en\/author\/maximilian-muller\/\"}]}<\/script>\n<!-- \/ Yoast SEO plugin. -->","yoast_head_json":{"title":"Die wichtigsten Immobilien-Events des Jahres - Ummen Communications","description":"Die wichtigsten Immobilien-Messen und -Events 2026 im \u00dcberblick: Termine, Kongresse und Branchentreffen f\u00fcr Austausch, Trends","robots":{"index":"index","follow":"follow","max-snippet":"max-snippet:-1","max-image-preview":"max-image-preview:large","max-video-preview":"max-video-preview:-1"},"canonical":"https:\/\/ummen.com\/en\/die-wichtigsten-immobilien-events-des-jahres\/","og_locale":"en_GB","og_type":"article","og_title":"Die wichtigsten Immobilien-Events des Jahres - Ummen Communications","og_description":"Die wichtigsten Immobilien-Messen und -Events 2026 im \u00dcberblick: Termine, Kongresse und Branchentreffen f\u00fcr Austausch, Trends","og_url":"https:\/\/ummen.com\/en\/die-wichtigsten-immobilien-events-des-jahres\/","og_site_name":"Ummen Communications","article_published_time":"2026-01-29T14:52:32+00:00","article_modified_time":"2026-02-10T09:49:56+00:00","og_image":[{"width":1200,"height":1200,"url":"https:\/\/ummen.com\/wp-content\/uploads\/2026\/01\/Immobilien-Messe-2026-1.webp","type":"image\/png"}],"author":"Maximilian M\u00fcller","twitter_card":"summary_large_image","twitter_misc":{"Written by":"Maximilian M\u00fcller","Estimated reading time":"10 minutes"},"schema":{"@context":"https:\/\/schema.org","@graph":[{"@type":["Article","BlogPosting"],"@id":"https:\/\/ummen.com\/die-wichtigsten-immobilien-events-des-jahres\/#article","isPartOf":{"@id":"https:\/\/ummen.com\/die-wichtigsten-immobilien-events-des-jahres\/"},"author":{"name":"Maximilian M\u00fcller","@id":"https:\/\/ummen.com\/#\/schema\/person\/485ea52c98dfa1638294608005668232"},"headline":"Die wichtigsten Immobilien-Events des Jahres","datePublished":"2026-01-29T14:52:32+00:00","dateModified":"2026-02-10T09:49:56+00:00","mainEntityOfPage":{"@id":"https:\/\/ummen.com\/die-wichtigsten-immobilien-events-des-jahres\/"},"wordCount":1717,"publisher":{"@id":"https:\/\/ummen.com\/#organization"},"image":{"@id":"https:\/\/ummen.com\/die-wichtigsten-immobilien-events-des-jahres\/#primaryimage"},"thumbnailUrl":"https:\/\/ummen.com\/wp-content\/uploads\/2026\/01\/Immobilien-Messe-2026-1.webp","keywords":["Immobilienmesse"],"articleSection":["Messe"],"inLanguage":"en-GB"},{"@type":"WebPage","@id":"https:\/\/ummen.com\/die-wichtigsten-immobilien-events-des-jahres\/","url":"https:\/\/ummen.com\/die-wichtigsten-immobilien-events-des-jahres\/","name":"Die wichtigsten Immobilien-Events des Jahres - Ummen Communications","isPartOf":{"@id":"https:\/\/ummen.com\/#website"},"primaryImageOfPage":{"@id":"https:\/\/ummen.com\/die-wichtigsten-immobilien-events-des-jahres\/#primaryimage"},"image":{"@id":"https:\/\/ummen.com\/die-wichtigsten-immobilien-events-des-jahres\/#primaryimage"},"thumbnailUrl":"https:\/\/ummen.com\/wp-content\/uploads\/2026\/01\/Immobilien-Messe-2026-1.webp","datePublished":"2026-01-29T14:52:32+00:00","dateModified":"2026-02-10T09:49:56+00:00","description":"Die wichtigsten Immobilien-Messen und -Events 2026 im \u00dcberblick: Termine, Kongresse und Branchentreffen f\u00fcr Austausch, Trends","breadcrumb":{"@id":"https:\/\/ummen.com\/die-wichtigsten-immobilien-events-des-jahres\/#breadcrumb"},"inLanguage":"en-GB","potentialAction":[{"@type":"ReadAction","target":["https:\/\/ummen.com\/die-wichtigsten-immobilien-events-des-jahres\/"]}]},{"@type":"ImageObject","inLanguage":"en-GB","@id":"https:\/\/ummen.com\/die-wichtigsten-immobilien-events-des-jahres\/#primaryimage","url":"https:\/\/ummen.com\/wp-content\/uploads\/2026\/01\/Immobilien-Messe-2026-1.webp","contentUrl":"https:\/\/ummen.com\/wp-content\/uploads\/2026\/01\/Immobilien-Messe-2026-1.webp","width":1200,"height":1200},{"@type":"BreadcrumbList","@id":"https:\/\/ummen.com\/die-wichtigsten-immobilien-events-des-jahres\/#breadcrumb","itemListElement":[{"@type":"ListItem","position":1,"name":"Startseite","item":"https:\/\/ummen.com\/"},{"@type":"ListItem","position":2,"name":"Die wichtigsten Immobilien-Events des Jahres"}]},{"@type":"WebSite","@id":"https:\/\/ummen.com\/#website","url":"https:\/\/ummen.com\/","name":"Ummen Communications","description":"PR Agentur aus Berlin f\u00fcr die Immobilien- und Finanzwirtschaft","publisher":{"@id":"https:\/\/ummen.com\/#organization"},"alternateName":"PR Agentur Berlin","potentialAction":[{"@type":"SearchAction","target":{"@type":"EntryPoint","urlTemplate":"https:\/\/ummen.com\/?s={search_term_string}"},"query-input":{"@type":"PropertyValueSpecification","valueRequired":true,"valueName":"search_term_string"}}],"inLanguage":"en-GB"},{"@type":"Organization","@id":"https:\/\/ummen.com\/#organization","name":"Ummen Communications","alternateName":"Ummen","url":"https:\/\/ummen.com\/","logo":{"@type":"ImageObject","inLanguage":"en-GB","@id":"https:\/\/ummen.com\/#\/schema\/logo\/image\/","url":"https:\/\/ummen.com\/wp-content\/uploads\/2023\/11\/favicon.png","contentUrl":"https:\/\/ummen.com\/wp-content\/uploads\/2023\/11\/favicon.png","width":512,"height":512,"caption":"Ummen Communications"},"image":{"@id":"https:\/\/ummen.com\/#\/schema\/logo\/image\/"},"sameAs":["https:\/\/www.linkedin.com\/company\/ummen-communications-gmbh\/","https:\/\/www.instagram.com\/ummen.comm"]},{"@type":"Person","@id":"https:\/\/ummen.com\/#\/schema\/person\/485ea52c98dfa1638294608005668232","name":"Maximilian M\u00fcller","image":{"@type":"ImageObject","inLanguage":"en-GB","@id":"https:\/\/ummen.com\/#\/schema\/person\/image\/","url":"https:\/\/secure.gravatar.com\/avatar\/d83fc966c4ecab903850ce73913977ece397355e770e94be427eff3562ad24b0?s=96&d=mm&r=g","contentUrl":"https:\/\/secure.gravatar.com\/avatar\/d83fc966c4ecab903850ce73913977ece397355e770e94be427eff3562ad24b0?s=96&d=mm&r=g","caption":"Maximilian M\u00fcller"},"url":"https:\/\/ummen.com\/en\/author\/maximilian-muller\/"}]}},"_links":{"self":[{"href":"https:\/\/ummen.com\/en\/wp-json\/wp\/v2\/posts\/2857","targetHints":{"allow":["GET"]}}],"collection":[{"href":"https:\/\/ummen.com\/en\/wp-json\/wp\/v2\/posts"}],"about":[{"href":"https:\/\/ummen.com\/en\/wp-json\/wp\/v2\/types\/post"}],"author":[{"embeddable":true,"href":"https:\/\/ummen.com\/en\/wp-json\/wp\/v2\/users\/8"}],"replies":[{"embeddable":true,"href":"https:\/\/ummen.com\/en\/wp-json\/wp\/v2\/comments?post=2857"}],"version-history":[{"count":5,"href":"https:\/\/ummen.com\/en\/wp-json\/wp\/v2\/posts\/2857\/revisions"}],"predecessor-version":[{"id":2925,"href":"https:\/\/ummen.com\/en\/wp-json\/wp\/v2\/posts\/2857\/revisions\/2925"}],"wp:featuredmedia":[{"embeddable":true,"href":"https:\/\/ummen.com\/en\/wp-json\/wp\/v2\/media\/2892"}],"wp:attachment":[{"href":"https:\/\/ummen.com\/en\/wp-json\/wp\/v2\/media?parent=2857"}],"wp:term":[{"taxonomy":"category","embeddable":true,"href":"https:\/\/ummen.com\/en\/wp-json\/wp\/v2\/categories?post=2857"},{"taxonomy":"post_tag","embeddable":true,"href":"https:\/\/ummen.com\/en\/wp-json\/wp\/v2\/tags?post=2857"}],"curies":[{"name":"wp","href":"https:\/\/api.w.org\/{rel}","templated":true}]}}