{"id":2360,"date":"2025-10-21T15:13:18","date_gmt":"2025-10-21T13:13:18","guid":{"rendered":"https:\/\/ummen.com\/?p=2360"},"modified":"2025-11-05T10:06:35","modified_gmt":"2025-11-05T09:06:35","slug":"planlos-ging-der-plan-los","status":"publish","type":"post","link":"https:\/\/ummen.com\/en\/planlos-ging-der-plan-los\/","title":{"rendered":"Planlos ging der Plan los"},"content":{"rendered":"<p><strong>Warum Social-Media-Marketing ohne Strategie keine Wirkung entfaltet<\/strong><\/p>\n<p>Social Media ist l\u00e4ngst kein Zusatzkanal mehr, sondern der Taktgeber moderner Markenkommunikation. Nahezu jedes gr\u00f6\u00dfere Unternehmen ist heute auf mehreren Plattformen pr\u00e4sent. Das hat gute Gr\u00fcnde. Nirgendwo sonst lassen sich Zielgruppen so direkt erreichen, Feedback so unmittelbar messen und Inhalte so pr\u00e4zise ausspielen. Klassische Kan\u00e4le behalten ihren Platz, doch Aufmerksamkeit entsteht immer h\u00e4ufiger im Feed &#8211; in Sekundenbruchteilen, entlang klarer Relevanzsignale.<\/p>\n<p>Gleichzeitig hat Social-Media-Marketing seine Rolle ver\u00e4ndert. Aus reiner Content-Ausspielung wurde Beziehungspflege, Leadgenerierung und Markenbildung. Unternehmen, die Social Media strategisch denken, nutzen Daten, testen Formate, sch\u00e4rfen Botschaften und schaffen wiedererkennbare Erlebnisse entlang der Customer Journey. Entscheidend ist nicht das Wo, sondern das Wie: klare Ziele, eine tragf\u00e4hige Social-Media-Strategie, konsistente Story, echter Mehrwert.<\/p>\n<p>Sichtbarkeit ist kein Selbstl\u00e4ufer. Algorithmen belohnen Struktur, Kontinuit\u00e4t und Qualit\u00e4t. Nutzer erwarten Relevanz statt Floskeln. Dieser Beitrag zeigt, wie Social-Media-Marketing heute funktioniert, welche Ziele es verfolgt und warum Zeit und Expertise entscheiden.<\/p>\n<p><strong>Was ist Social-Media-Marketing?<br \/>\n<\/strong><\/p>\n<p>Social-Media-Marketing ist der strategische Einsatz sozialer Netzwerke, um Produkte, Dienstleistungen und Markenbotschaften gezielt zu platzieren. Es geht nicht nur um Reichweite, sondern um Beziehungen. Unternehmen treten direkt mit Kunden in Kontakt, erhalten R\u00fcckmeldungen in Echtzeit und k\u00f6nnen auf Lob oder Kritik unmittelbar reagieren.<\/p>\n<p>Das hat klare Vorteile. Social Media steigert die Markenbekanntheit, st\u00e4rkt die Bindung und f\u00f6rdert Kooperationen. Nutzer suchen dort aktiv nach Neuigkeiten, Inspiration und Unterhaltung &#8211; und sto\u00dfen so auf Marken, die sie vorher nicht kannten. Mit authentischem Storytelling l\u00e4sst sich Aufmerksamkeit erzeugen, noch bevor ein konkretes Kaufinteresse entsteht.<\/p>\n<p><strong>Strategie statt Zufall<\/strong><\/p>\n<p>Wirksames Social-Media-Marketing ist kein Bauchgef\u00fchl, sondern ein Prozess. Drei Elemente tragen den Erfolg: authentischer Content, aktive Community-Interaktion und plattformspezifische Anpassung.<\/p>\n<p>Die Social-Media-Strategie beginnt mit einem genauen Verst\u00e4ndnis der Zielgruppe. Wer ist sie, was interessiert sie, wie kommuniziert sie? Darauf bauen Botschaften auf, die nicht nur sichtbar sind, sondern relevant. Drei Prinzipien sind dabei zentral: Authentizit\u00e4t. Regelm\u00e4\u00dfigkeit und Interaktion. Marken, die Pers\u00f6nlichkeit zeigen und eingehen, wirken glaubw\u00fcrdig. Kontinuit\u00e4t h\u00e4lt pr\u00e4sent. Dialog schafft Vertrauen.<\/p>\n<p><strong>Ziele und Nutzen<\/strong><\/p>\n<p>Social-Media-Marketing zahlt auf mehrere Unternehmensziele ein. Sichtbarkeit steht am Anfang. Wer regelm\u00e4\u00dfig und relevant kommuniziert, verankert die Marke im Alltag der Zielgruppe. In Deutschland nutzen mehr als 50 Millionen Menschen t\u00e4glich soziale Netzwerke (Bitkom Research, 2023). Aus Sichtbarkeit werden qualifizierte Kontakte, wenn Inhalte passgenau erz\u00e4hlt und im passenden Format ausgespielt werden.<\/p>\n<p>Gleichzeitig w\u00e4chst die Bindung. Direkter Austausch, kurze Reaktionszeiten und eine pers\u00f6nliche Tonalit\u00e4t schaffen Vertrauen, das \u00fcber einzelne Kampagnen hinaus wirkt. Social Media ist digitale Mundpropaganda. Menschen folgen Marken, die inspirieren, informieren oder unterhalten &#8211; nicht solchen, die nur werben.<\/p>\n<p><strong>Nicht jeder Kanal passt zu jedem Ziel:<\/strong><\/p>\n<ul>\n<li>Linkedin f\u00fcr B2B, Employer Branding und Thought Leadership<\/li>\n<li>Instagram und TikTok f\u00fcr visuelles Storytelling, Lifestyle und Kampagnen<\/li>\n<li>YouTube f\u00fcr Tutorials, Interviews und l\u00e4ngere Formate<\/li>\n<li>Facebook f\u00fcr lokale Kommunikation und den Mittelstand<\/li>\n<li>Pinterest f\u00fcr Inspiration in Design, Food und Mode<\/li>\n<li>X f\u00fcr Aktualit\u00e4t, Pressearbeit und schnelle Meinungen<\/li>\n<\/ul>\n<p>Die Plattformwahl sollte sich an Zielgruppenlogik, Zielen und Ressourcen orientieren, nicht an Trends. Entscheidend ist Pr\u00e4senz dort, wo sich die Zielgruppe tats\u00e4chlich aufh\u00e4lt. Zwei gut gepflegte Kan\u00e4le wirken st\u00e4rker als viele Profile ohne klare Linie.<\/p>\n<p><strong>Zeit ist Geld, Strategie ist Rendite<\/strong><\/p>\n<p>Social Media bindet Zeit und Budget: Planung, Content, Community und Analyse summieren sich schnell auf 10 bis 20 Stunden pro Woche; mehrere Kan\u00e4le sowie Bilder, Kampagnen, Anzeigen und Tools erh\u00f6hen den Aufwand. Wirkung entsteht nur mit Strategie und konsequenter Umsetzung. Wir unterst\u00fctzen bedarfsorientiert, so viel Unterst\u00fctzung wie n\u00f6tig und so viel Inhouse wie m\u00f6glich. Oder Sie \u00fcbertragen uns die Betreuung komplett, von der Strategie \u00fcber Content und Kampagnen bis zur Umsetzung. Kommen Sie gern auf uns zu.<\/p>\n<p>&nbsp;<\/p>\n<p id=\"ember1303\" class=\"ember-view reader-text-block__paragraph\"><a class=\"SiHrjwqVjdhQxOAoJFSxYpQQWnHauKpeg\" tabindex=\"0\" href=\"https:\/\/www.linkedin.com\/company\/ummen-communications-gmbh\/\" data-test-app-aware-link=\"\">Ummen Communications GmbH<\/a><\/p>\n<div class=\"reader-image-block reader-image-block--full-width\">\n<figure class=\"reader-image-block__figure\">\n<div class=\"ivm-image-view-model reader-image-block__img-container\">\n<div class=\"ivm-view-attr__img-wrapper\"><\/div>\n<\/div>\n<\/figure>\n<\/div>","protected":false},"excerpt":{"rendered":"<p>Warum Social-Media-Marketing ohne Strategie keine Wirkung entfaltet Social Media ist l\u00e4ngst kein Zusatzkanal mehr, sondern der Taktgeber moderner Markenkommunikation. Nahezu [&hellip;]<\/p>\n","protected":false},"author":7,"featured_media":2380,"comment_status":"closed","ping_status":"open","sticky":false,"template":"","format":"standard","meta":{"_acf_changed":false,"inline_featured_image":false,"footnotes":""},"categories":[8],"tags":[50,49,47],"class_list":["post-2360","post","type-post","status-publish","format-standard","has-post-thumbnail","hentry","category-social-media","tag-expo-real","tag-messekommunikation","tag-sichtbarkiet"],"acf":[],"yoast_head":"<!-- This site is optimized with the Yoast SEO plugin v26.9 - https:\/\/yoast.com\/product\/yoast-seo-wordpress\/ -->\n<title>Planlos ging der Plan los - Ummen Communications<\/title>\n<meta name=\"description\" content=\"Warum Social-Media-Marketing ohne Strategie keine Wirkung entfaltet. Social Media ist l\u00e4ngst kein Zusatzkanal mehr, sondern der\" \/>\n<meta name=\"robots\" content=\"index, follow, max-snippet:-1, max-image-preview:large, max-video-preview:-1\" \/>\n<link rel=\"canonical\" href=\"https:\/\/ummen.com\/en\/planlos-ging-der-plan-los\/\" \/>\n<meta property=\"og:locale\" content=\"en_GB\" \/>\n<meta property=\"og:type\" content=\"article\" \/>\n<meta property=\"og:title\" content=\"Planlos ging der Plan los - Ummen Communications\" \/>\n<meta property=\"og:description\" content=\"Warum Social-Media-Marketing ohne Strategie keine Wirkung entfaltet. Social Media ist l\u00e4ngst kein Zusatzkanal mehr, sondern der\" \/>\n<meta property=\"og:url\" content=\"https:\/\/ummen.com\/en\/planlos-ging-der-plan-los\/\" \/>\n<meta property=\"og:site_name\" content=\"Ummen Communications\" \/>\n<meta property=\"article:published_time\" content=\"2025-10-21T13:13:18+00:00\" \/>\n<meta property=\"article:modified_time\" content=\"2025-11-05T09:06:35+00:00\" \/>\n<meta property=\"og:image\" content=\"https:\/\/ummen.com\/wp-content\/uploads\/2025\/10\/IMG_3452.avif\" \/>\n\t<meta property=\"og:image:width\" content=\"1200\" \/>\n\t<meta property=\"og:image:height\" content=\"1200\" \/>\n\t<meta property=\"og:image:type\" content=\"image\/png\" \/>\n<meta name=\"author\" content=\"Ricardo-Alessio Wolf\" \/>\n<meta name=\"twitter:card\" content=\"summary_large_image\" \/>\n<meta name=\"twitter:label1\" content=\"Written by\" \/>\n\t<meta name=\"twitter:data1\" content=\"Ricardo-Alessio Wolf\" \/>\n\t<meta name=\"twitter:label2\" content=\"Estimated reading time\" \/>\n\t<meta name=\"twitter:data2\" content=\"4 minutes\" \/>\n<script type=\"application\/ld+json\" class=\"yoast-schema-graph\">{\"@context\":\"https:\/\/schema.org\",\"@graph\":[{\"@type\":[\"Article\",\"BlogPosting\"],\"@id\":\"https:\/\/ummen.com\/planlos-ging-der-plan-los\/#article\",\"isPartOf\":{\"@id\":\"https:\/\/ummen.com\/planlos-ging-der-plan-los\/\"},\"author\":{\"name\":\"Ricardo-Alessio Wolf\",\"@id\":\"https:\/\/ummen.com\/#\/schema\/person\/987977b67759f40594826ee7648374bc\"},\"headline\":\"Planlos ging der Plan los\",\"datePublished\":\"2025-10-21T13:13:18+00:00\",\"dateModified\":\"2025-11-05T09:06:35+00:00\",\"mainEntityOfPage\":{\"@id\":\"https:\/\/ummen.com\/planlos-ging-der-plan-los\/\"},\"wordCount\":643,\"publisher\":{\"@id\":\"https:\/\/ummen.com\/#organization\"},\"image\":{\"@id\":\"https:\/\/ummen.com\/planlos-ging-der-plan-los\/#primaryimage\"},\"thumbnailUrl\":\"https:\/\/ummen.com\/wp-content\/uploads\/2025\/10\/IMG_3452.avif\",\"keywords\":[\"Expo Real\",\"Messekommunikation\",\"Sichtbarkiet\"],\"articleSection\":[\"Social Media\"],\"inLanguage\":\"en-GB\"},{\"@type\":\"WebPage\",\"@id\":\"https:\/\/ummen.com\/planlos-ging-der-plan-los\/\",\"url\":\"https:\/\/ummen.com\/planlos-ging-der-plan-los\/\",\"name\":\"Planlos ging der Plan los - Ummen Communications\",\"isPartOf\":{\"@id\":\"https:\/\/ummen.com\/#website\"},\"primaryImageOfPage\":{\"@id\":\"https:\/\/ummen.com\/planlos-ging-der-plan-los\/#primaryimage\"},\"image\":{\"@id\":\"https:\/\/ummen.com\/planlos-ging-der-plan-los\/#primaryimage\"},\"thumbnailUrl\":\"https:\/\/ummen.com\/wp-content\/uploads\/2025\/10\/IMG_3452.avif\",\"datePublished\":\"2025-10-21T13:13:18+00:00\",\"dateModified\":\"2025-11-05T09:06:35+00:00\",\"description\":\"Warum Social-Media-Marketing ohne Strategie keine Wirkung entfaltet. Social Media ist l\u00e4ngst kein Zusatzkanal mehr, sondern der\",\"breadcrumb\":{\"@id\":\"https:\/\/ummen.com\/planlos-ging-der-plan-los\/#breadcrumb\"},\"inLanguage\":\"en-GB\",\"potentialAction\":[{\"@type\":\"ReadAction\",\"target\":[\"https:\/\/ummen.com\/planlos-ging-der-plan-los\/\"]}]},{\"@type\":\"ImageObject\",\"inLanguage\":\"en-GB\",\"@id\":\"https:\/\/ummen.com\/planlos-ging-der-plan-los\/#primaryimage\",\"url\":\"https:\/\/ummen.com\/wp-content\/uploads\/2025\/10\/IMG_3452.avif\",\"contentUrl\":\"https:\/\/ummen.com\/wp-content\/uploads\/2025\/10\/IMG_3452.avif\",\"width\":1200,\"height\":1200},{\"@type\":\"BreadcrumbList\",\"@id\":\"https:\/\/ummen.com\/planlos-ging-der-plan-los\/#breadcrumb\",\"itemListElement\":[{\"@type\":\"ListItem\",\"position\":1,\"name\":\"Startseite\",\"item\":\"https:\/\/ummen.com\/\"},{\"@type\":\"ListItem\",\"position\":2,\"name\":\"Planlos ging der Plan los\"}]},{\"@type\":\"WebSite\",\"@id\":\"https:\/\/ummen.com\/#website\",\"url\":\"https:\/\/ummen.com\/\",\"name\":\"Ummen Communications\",\"description\":\"PR Agentur aus Berlin f\u00fcr die Immobilien- und Finanzwirtschaft\",\"publisher\":{\"@id\":\"https:\/\/ummen.com\/#organization\"},\"alternateName\":\"PR Agentur Berlin\",\"potentialAction\":[{\"@type\":\"SearchAction\",\"target\":{\"@type\":\"EntryPoint\",\"urlTemplate\":\"https:\/\/ummen.com\/?s={search_term_string}\"},\"query-input\":{\"@type\":\"PropertyValueSpecification\",\"valueRequired\":true,\"valueName\":\"search_term_string\"}}],\"inLanguage\":\"en-GB\"},{\"@type\":\"Organization\",\"@id\":\"https:\/\/ummen.com\/#organization\",\"name\":\"Ummen Communications\",\"alternateName\":\"Ummen\",\"url\":\"https:\/\/ummen.com\/\",\"logo\":{\"@type\":\"ImageObject\",\"inLanguage\":\"en-GB\",\"@id\":\"https:\/\/ummen.com\/#\/schema\/logo\/image\/\",\"url\":\"https:\/\/ummen.com\/wp-content\/uploads\/2023\/11\/favicon.png\",\"contentUrl\":\"https:\/\/ummen.com\/wp-content\/uploads\/2023\/11\/favicon.png\",\"width\":512,\"height\":512,\"caption\":\"Ummen Communications\"},\"image\":{\"@id\":\"https:\/\/ummen.com\/#\/schema\/logo\/image\/\"},\"sameAs\":[\"https:\/\/www.linkedin.com\/company\/ummen-communications-gmbh\/\",\"https:\/\/www.instagram.com\/ummen.comm\"]},{\"@type\":\"Person\",\"@id\":\"https:\/\/ummen.com\/#\/schema\/person\/987977b67759f40594826ee7648374bc\",\"name\":\"Ricardo-Alessio Wolf\",\"image\":{\"@type\":\"ImageObject\",\"inLanguage\":\"en-GB\",\"@id\":\"https:\/\/ummen.com\/#\/schema\/person\/image\/\",\"url\":\"https:\/\/secure.gravatar.com\/avatar\/2beb2c0cf9c8b00291363941805c503e9110c0b537bc54140856636c3236acb3?s=96&d=mm&r=g\",\"contentUrl\":\"https:\/\/secure.gravatar.com\/avatar\/2beb2c0cf9c8b00291363941805c503e9110c0b537bc54140856636c3236acb3?s=96&d=mm&r=g\",\"caption\":\"Ricardo-Alessio Wolf\"},\"sameAs\":[\"http:\/\/www.ummen.com\"],\"url\":\"https:\/\/ummen.com\/en\/author\/ricardo-alessio-wolf\/\"}]}<\/script>\n<!-- \/ Yoast SEO plugin. -->","yoast_head_json":{"title":"Planlos ging der Plan los - Ummen Communications","description":"Warum Social-Media-Marketing ohne Strategie keine Wirkung entfaltet. Social Media ist l\u00e4ngst kein Zusatzkanal mehr, sondern der","robots":{"index":"index","follow":"follow","max-snippet":"max-snippet:-1","max-image-preview":"max-image-preview:large","max-video-preview":"max-video-preview:-1"},"canonical":"https:\/\/ummen.com\/en\/planlos-ging-der-plan-los\/","og_locale":"en_GB","og_type":"article","og_title":"Planlos ging der Plan los - Ummen Communications","og_description":"Warum Social-Media-Marketing ohne Strategie keine Wirkung entfaltet. Social Media ist l\u00e4ngst kein Zusatzkanal mehr, sondern der","og_url":"https:\/\/ummen.com\/en\/planlos-ging-der-plan-los\/","og_site_name":"Ummen Communications","article_published_time":"2025-10-21T13:13:18+00:00","article_modified_time":"2025-11-05T09:06:35+00:00","og_image":[{"width":1200,"height":1200,"url":"https:\/\/ummen.com\/wp-content\/uploads\/2025\/10\/IMG_3452.avif","type":"image\/png"}],"author":"Ricardo-Alessio Wolf","twitter_card":"summary_large_image","twitter_misc":{"Written by":"Ricardo-Alessio Wolf","Estimated reading time":"4 minutes"},"schema":{"@context":"https:\/\/schema.org","@graph":[{"@type":["Article","BlogPosting"],"@id":"https:\/\/ummen.com\/planlos-ging-der-plan-los\/#article","isPartOf":{"@id":"https:\/\/ummen.com\/planlos-ging-der-plan-los\/"},"author":{"name":"Ricardo-Alessio Wolf","@id":"https:\/\/ummen.com\/#\/schema\/person\/987977b67759f40594826ee7648374bc"},"headline":"Planlos ging der Plan los","datePublished":"2025-10-21T13:13:18+00:00","dateModified":"2025-11-05T09:06:35+00:00","mainEntityOfPage":{"@id":"https:\/\/ummen.com\/planlos-ging-der-plan-los\/"},"wordCount":643,"publisher":{"@id":"https:\/\/ummen.com\/#organization"},"image":{"@id":"https:\/\/ummen.com\/planlos-ging-der-plan-los\/#primaryimage"},"thumbnailUrl":"https:\/\/ummen.com\/wp-content\/uploads\/2025\/10\/IMG_3452.avif","keywords":["Expo Real","Messekommunikation","Sichtbarkiet"],"articleSection":["Social Media"],"inLanguage":"en-GB"},{"@type":"WebPage","@id":"https:\/\/ummen.com\/planlos-ging-der-plan-los\/","url":"https:\/\/ummen.com\/planlos-ging-der-plan-los\/","name":"Planlos ging der Plan los - Ummen Communications","isPartOf":{"@id":"https:\/\/ummen.com\/#website"},"primaryImageOfPage":{"@id":"https:\/\/ummen.com\/planlos-ging-der-plan-los\/#primaryimage"},"image":{"@id":"https:\/\/ummen.com\/planlos-ging-der-plan-los\/#primaryimage"},"thumbnailUrl":"https:\/\/ummen.com\/wp-content\/uploads\/2025\/10\/IMG_3452.avif","datePublished":"2025-10-21T13:13:18+00:00","dateModified":"2025-11-05T09:06:35+00:00","description":"Warum Social-Media-Marketing ohne Strategie keine Wirkung entfaltet. Social Media ist l\u00e4ngst kein Zusatzkanal mehr, sondern der","breadcrumb":{"@id":"https:\/\/ummen.com\/planlos-ging-der-plan-los\/#breadcrumb"},"inLanguage":"en-GB","potentialAction":[{"@type":"ReadAction","target":["https:\/\/ummen.com\/planlos-ging-der-plan-los\/"]}]},{"@type":"ImageObject","inLanguage":"en-GB","@id":"https:\/\/ummen.com\/planlos-ging-der-plan-los\/#primaryimage","url":"https:\/\/ummen.com\/wp-content\/uploads\/2025\/10\/IMG_3452.avif","contentUrl":"https:\/\/ummen.com\/wp-content\/uploads\/2025\/10\/IMG_3452.avif","width":1200,"height":1200},{"@type":"BreadcrumbList","@id":"https:\/\/ummen.com\/planlos-ging-der-plan-los\/#breadcrumb","itemListElement":[{"@type":"ListItem","position":1,"name":"Startseite","item":"https:\/\/ummen.com\/"},{"@type":"ListItem","position":2,"name":"Planlos ging der Plan los"}]},{"@type":"WebSite","@id":"https:\/\/ummen.com\/#website","url":"https:\/\/ummen.com\/","name":"Ummen Communications","description":"PR Agentur aus Berlin f\u00fcr die Immobilien- und Finanzwirtschaft","publisher":{"@id":"https:\/\/ummen.com\/#organization"},"alternateName":"PR Agentur Berlin","potentialAction":[{"@type":"SearchAction","target":{"@type":"EntryPoint","urlTemplate":"https:\/\/ummen.com\/?s={search_term_string}"},"query-input":{"@type":"PropertyValueSpecification","valueRequired":true,"valueName":"search_term_string"}}],"inLanguage":"en-GB"},{"@type":"Organization","@id":"https:\/\/ummen.com\/#organization","name":"Ummen Communications","alternateName":"Ummen","url":"https:\/\/ummen.com\/","logo":{"@type":"ImageObject","inLanguage":"en-GB","@id":"https:\/\/ummen.com\/#\/schema\/logo\/image\/","url":"https:\/\/ummen.com\/wp-content\/uploads\/2023\/11\/favicon.png","contentUrl":"https:\/\/ummen.com\/wp-content\/uploads\/2023\/11\/favicon.png","width":512,"height":512,"caption":"Ummen Communications"},"image":{"@id":"https:\/\/ummen.com\/#\/schema\/logo\/image\/"},"sameAs":["https:\/\/www.linkedin.com\/company\/ummen-communications-gmbh\/","https:\/\/www.instagram.com\/ummen.comm"]},{"@type":"Person","@id":"https:\/\/ummen.com\/#\/schema\/person\/987977b67759f40594826ee7648374bc","name":"Ricardo-Alessio Wolf","image":{"@type":"ImageObject","inLanguage":"en-GB","@id":"https:\/\/ummen.com\/#\/schema\/person\/image\/","url":"https:\/\/secure.gravatar.com\/avatar\/2beb2c0cf9c8b00291363941805c503e9110c0b537bc54140856636c3236acb3?s=96&d=mm&r=g","contentUrl":"https:\/\/secure.gravatar.com\/avatar\/2beb2c0cf9c8b00291363941805c503e9110c0b537bc54140856636c3236acb3?s=96&d=mm&r=g","caption":"Ricardo-Alessio Wolf"},"sameAs":["http:\/\/www.ummen.com"],"url":"https:\/\/ummen.com\/en\/author\/ricardo-alessio-wolf\/"}]}},"_links":{"self":[{"href":"https:\/\/ummen.com\/en\/wp-json\/wp\/v2\/posts\/2360","targetHints":{"allow":["GET"]}}],"collection":[{"href":"https:\/\/ummen.com\/en\/wp-json\/wp\/v2\/posts"}],"about":[{"href":"https:\/\/ummen.com\/en\/wp-json\/wp\/v2\/types\/post"}],"author":[{"embeddable":true,"href":"https:\/\/ummen.com\/en\/wp-json\/wp\/v2\/users\/7"}],"replies":[{"embeddable":true,"href":"https:\/\/ummen.com\/en\/wp-json\/wp\/v2\/comments?post=2360"}],"version-history":[{"count":16,"href":"https:\/\/ummen.com\/en\/wp-json\/wp\/v2\/posts\/2360\/revisions"}],"predecessor-version":[{"id":2381,"href":"https:\/\/ummen.com\/en\/wp-json\/wp\/v2\/posts\/2360\/revisions\/2381"}],"wp:featuredmedia":[{"embeddable":true,"href":"https:\/\/ummen.com\/en\/wp-json\/wp\/v2\/media\/2380"}],"wp:attachment":[{"href":"https:\/\/ummen.com\/en\/wp-json\/wp\/v2\/media?parent=2360"}],"wp:term":[{"taxonomy":"category","embeddable":true,"href":"https:\/\/ummen.com\/en\/wp-json\/wp\/v2\/categories?post=2360"},{"taxonomy":"post_tag","embeddable":true,"href":"https:\/\/ummen.com\/en\/wp-json\/wp\/v2\/tags?post=2360"}],"curies":[{"name":"wp","href":"https:\/\/api.w.org\/{rel}","templated":true}]}}